{"id":812,"date":"2026-03-18T13:43:39","date_gmt":"2026-03-18T13:43:39","guid":{"rendered":"https:\/\/cdcsanbernardo.cl\/?p=812"},"modified":"2026-03-18T13:50:15","modified_gmt":"2026-03-18T13:50:15","slug":"tercera-reunion-de-mesa-barrial-abordo-seguridad-en-san-bernardo","status":"publish","type":"post","link":"https:\/\/cdcsanbernardo.cl\/?p=812","title":{"rendered":"Tercera reuni\u00f3n de mesa barrial abord\u00f3 seguridad en San Bernardo"},"content":{"rendered":"\t\t<div data-elementor-type=\"wp-post\" data-elementor-id=\"812\" class=\"elementor elementor-812\" data-elementor-post-type=\"post\">\n\t\t\t\t<div class=\"elementor-element elementor-element-69e3ade9 e-con-full elementor-hidden-tablet elementor-hidden-mobile e-flex e-con e-parent\" data-id=\"69e3ade9\" data-element_type=\"container\" data-e-type=\"container\" data-settings=\"{&quot;background_background&quot;:&quot;classic&quot;,&quot;jet_parallax_layout_list&quot;:[],&quot;shape_divider_bottom&quot;:&quot;opacity-tilt&quot;}\">\n\t\t\t\t<div class=\"elementor-shape elementor-shape-bottom\" aria-hidden=\"true\" data-negative=\"false\">\n\t\t\t<svg xmlns=\"http:\/\/www.w3.org\/2000\/svg\" viewBox=\"0 0 2600 131.1\" preserveAspectRatio=\"none\">\n\t<path class=\"elementor-shape-fill\" d=\"M0 0L2600 0 2600 69.1 0 0z\"\/>\n\t<path class=\"elementor-shape-fill\" style=\"opacity:0.5\" d=\"M0 0L2600 0 2600 69.1 0 69.1z\"\/>\n\t<path class=\"elementor-shape-fill\" style=\"opacity:0.25\" d=\"M2600 0L0 0 0 130.1 2600 69.1z\"\/>\n<\/svg>\t\t<\/div>\n\t\t\t\t<div class=\"elementor-element elementor-element-dfc7a7 elementor-widget elementor-widget-heading\" data-id=\"dfc7a7\" data-element_type=\"widget\" data-e-type=\"widget\" data-widget_type=\"heading.default\">\n\t\t\t\t\t<h2 class=\"elementor-heading-title elementor-size-default\">Tercera reuni\u00f3n de mesa barrial abord\u00f3 seguridad en San Bernardo<\/h2>\t\t\t\t<\/div>\n\t\t\t\t<\/div>\n\t\t<div class=\"elementor-element elementor-element-1e30a214 elementor-hidden-tablet elementor-hidden-mobile e-flex e-con-boxed e-con e-parent\" data-id=\"1e30a214\" data-element_type=\"container\" data-e-type=\"container\" data-settings=\"{&quot;jet_parallax_layout_list&quot;:[]}\">\n\t\t\t\t\t<div class=\"e-con-inner\">\n\t\t\t\t<div class=\"elementor-element elementor-element-465ab5ce elementor-widget elementor-widget-heading\" data-id=\"465ab5ce\" data-element_type=\"widget\" data-e-type=\"widget\" data-widget_type=\"heading.default\">\n\t\t\t\t\t<h2 class=\"elementor-heading-title elementor-size-default\"><a href=\"https:\/\/cdcsanbernardo.cl\/\">Inicio<\/a><\/h2>\t\t\t\t<\/div>\n\t\t\t\t\t<\/div>\n\t\t\t\t<\/div>\n\t\t<div class=\"elementor-element elementor-element-468c59e3 elementor-hidden-desktop elementor-hidden-mobile e-flex e-con-boxed e-con e-parent\" data-id=\"468c59e3\" data-element_type=\"container\" data-e-type=\"container\" data-settings=\"{&quot;jet_parallax_layout_list&quot;:[]}\">\n\t\t\t\t\t<div class=\"e-con-inner\">\n\t\t\t\t<div class=\"elementor-element elementor-element-54e4a007 elementor-widget elementor-widget-heading\" data-id=\"54e4a007\" data-element_type=\"widget\" data-e-type=\"widget\" data-widget_type=\"heading.default\">\n\t\t\t\t\t<h2 class=\"elementor-heading-title elementor-size-default\"><a href=\"https:\/\/cdcsanbernardo.cl\/\">Inicio<\/a><\/h2>\t\t\t\t<\/div>\n\t\t\t\t\t<\/div>\n\t\t\t\t<\/div>\n\t\t<div class=\"elementor-element elementor-element-2e66c286 elementor-hidden-desktop elementor-hidden-tablet e-flex e-con-boxed e-con e-parent\" data-id=\"2e66c286\" data-element_type=\"container\" data-e-type=\"container\" data-settings=\"{&quot;jet_parallax_layout_list&quot;:[]}\">\n\t\t\t\t\t<div class=\"e-con-inner\">\n\t\t\t\t<div class=\"elementor-element elementor-element-5492da37 elementor-widget elementor-widget-heading\" data-id=\"5492da37\" data-element_type=\"widget\" data-e-type=\"widget\" data-widget_type=\"heading.default\">\n\t\t\t\t\t<h2 class=\"elementor-heading-title elementor-size-default\"><a href=\"https:\/\/rotaryclubsanbernardo.cl\/\">Inicio<\/a><\/h2>\t\t\t\t<\/div>\n\t\t\t\t\t<\/div>\n\t\t\t\t<\/div>\n\t\t<div class=\"elementor-element elementor-element-53e7fd02 elementor-hidden-tablet elementor-hidden-mobile e-flex e-con-boxed e-con e-parent\" data-id=\"53e7fd02\" data-element_type=\"container\" data-e-type=\"container\" data-settings=\"{&quot;jet_parallax_layout_list&quot;:[]}\">\n\t\t\t\t\t<div class=\"e-con-inner\">\n\t\t<div class=\"elementor-element elementor-element-a595764 e-con-full e-flex e-con e-child\" data-id=\"a595764\" data-element_type=\"container\" data-e-type=\"container\" data-settings=\"{&quot;jet_parallax_layout_list&quot;:[]}\">\n\t\t\t\t<div class=\"elementor-element elementor-element-4219bbd8 elementor-widget elementor-widget-image\" data-id=\"4219bbd8\" data-element_type=\"widget\" data-e-type=\"widget\" data-widget_type=\"image.default\">\n\t\t\t\t\t\t\t\t\t\t\t\t\t\t\t<img fetchpriority=\"high\" decoding=\"async\" width=\"768\" height=\"534\" src=\"https:\/\/cdcsanbernardo.cl\/wp-content\/uploads\/2026\/03\/1-768x534.png\" class=\"attachment-medium_large size-medium_large wp-image-813\" alt=\"\" srcset=\"https:\/\/cdcsanbernardo.cl\/wp-content\/uploads\/2026\/03\/1-768x534.png 768w, https:\/\/cdcsanbernardo.cl\/wp-content\/uploads\/2026\/03\/1-300x209.png 300w, https:\/\/cdcsanbernardo.cl\/wp-content\/uploads\/2026\/03\/1-1024x712.png 1024w, https:\/\/cdcsanbernardo.cl\/wp-content\/uploads\/2026\/03\/1.png 1050w\" sizes=\"(max-width: 768px) 100vw, 768px\" \/>\t\t\t\t\t\t\t\t\t\t\t\t\t\t\t<\/div>\n\t\t\t\t<div class=\"elementor-element elementor-element-7438a5c9 elementor-widget elementor-widget-text-editor\" data-id=\"7438a5c9\" data-element_type=\"widget\" data-e-type=\"widget\" data-widget_type=\"text-editor.default\">\n\t\t\t\t\t\t\t\t\t<p data-start=\"147\" data-end=\"407\">En el marco del fortalecimiento del trabajo colaborativo en materia de seguridad, el programa Somos Barrio Comercial junto a la Direcci\u00f3n de Seguridad P\u00fablica de la Municipalidad de San Bernardo realizaron la tercera reuni\u00f3n de la mesa barrial p\u00fablico-privada.<\/p><p data-start=\"409\" data-end=\"746\">La instancia tuvo como objetivo principal abordar los principales desaf\u00edos en seguridad del sector, adem\u00e1s de revisar el estado de avance de los distintos proyectos que actualmente se est\u00e1n desarrollando en la zona. Este espacio de di\u00e1logo permite generar coordinaci\u00f3n efectiva entre autoridades, instituciones y la comunidad organizada.<\/p><p data-start=\"748\" data-end=\"980\">En la jornada participaron representantes de Carabineros y de la Polic\u00eda de Investigaciones, quienes aportaron su visi\u00f3n y trabajo en terreno, contribuyendo al an\u00e1lisis de la situaci\u00f3n actual y a la definici\u00f3n de acciones conjuntas.<\/p><p data-start=\"982\" data-end=\"1221\">La actividad se llev\u00f3 a cabo en las dependencias del Rotary Club de San Bernardo, reafirmando el compromiso de las distintas organizaciones por avanzar en iniciativas que mejoren la calidad de vida y la seguridad de vecinos y comerciantes.<\/p><p data-start=\"1223\" data-end=\"1422\">Desde la organizaci\u00f3n destacaron la importancia de mantener estos espacios de encuentro, que permiten fortalecer la confianza, la colaboraci\u00f3n y el trabajo conjunto en beneficio de toda la comunidad.<\/p><p data-start=\"1223\" data-end=\"1422\"><img decoding=\"async\" class=\"alignnone wp-image-816 size-full\" src=\"https:\/\/cdcsanbernardo.cl\/wp-content\/uploads\/2026\/03\/2.png\" alt=\"\" width=\"1050\" height=\"730\" srcset=\"https:\/\/cdcsanbernardo.cl\/wp-content\/uploads\/2026\/03\/2.png 1050w, https:\/\/cdcsanbernardo.cl\/wp-content\/uploads\/2026\/03\/2-300x209.png 300w, https:\/\/cdcsanbernardo.cl\/wp-content\/uploads\/2026\/03\/2-1024x712.png 1024w, https:\/\/cdcsanbernardo.cl\/wp-content\/uploads\/2026\/03\/2-768x534.png 768w\" sizes=\"(max-width: 1050px) 100vw, 1050px\" \/> <img decoding=\"async\" class=\"aligncenter wp-image-817 size-full\" src=\"https:\/\/cdcsanbernardo.cl\/wp-content\/uploads\/2026\/03\/3.png\" alt=\"\" width=\"1050\" height=\"730\" srcset=\"https:\/\/cdcsanbernardo.cl\/wp-content\/uploads\/2026\/03\/3.png 1050w, https:\/\/cdcsanbernardo.cl\/wp-content\/uploads\/2026\/03\/3-300x209.png 300w, https:\/\/cdcsanbernardo.cl\/wp-content\/uploads\/2026\/03\/3-1024x712.png 1024w, https:\/\/cdcsanbernardo.cl\/wp-content\/uploads\/2026\/03\/3-768x534.png 768w\" sizes=\"(max-width: 1050px) 100vw, 1050px\" \/> <img loading=\"lazy\" decoding=\"async\" class=\"alignnone wp-image-818 size-full\" src=\"https:\/\/cdcsanbernardo.cl\/wp-content\/uploads\/2026\/03\/4.png\" alt=\"\" width=\"1050\" height=\"730\" srcset=\"https:\/\/cdcsanbernardo.cl\/wp-content\/uploads\/2026\/03\/4.png 1050w, https:\/\/cdcsanbernardo.cl\/wp-content\/uploads\/2026\/03\/4-300x209.png 300w, https:\/\/cdcsanbernardo.cl\/wp-content\/uploads\/2026\/03\/4-1024x712.png 1024w, https:\/\/cdcsanbernardo.cl\/wp-content\/uploads\/2026\/03\/4-768x534.png 768w\" sizes=\"(max-width: 1050px) 100vw, 1050px\" \/><\/p>\t\t\t\t\t\t\t\t<\/div>\n\t\t\t\t<\/div>\n\t\t<div class=\"elementor-element elementor-element-70462c95 e-con-full e-flex e-con e-child\" data-id=\"70462c95\" data-element_type=\"container\" data-e-type=\"container\" data-settings=\"{&quot;jet_parallax_layout_list&quot;:[]}\">\n\t\t<div class=\"elementor-element elementor-element-49c8d30a e-con-full e-flex e-con e-child\" data-id=\"49c8d30a\" data-element_type=\"container\" data-e-type=\"container\" data-settings=\"{&quot;jet_parallax_layout_list&quot;:[]}\">\n\t\t\t\t<div class=\"elementor-element elementor-element-729222c7 elementor-widget elementor-widget-heading\" data-id=\"729222c7\" data-element_type=\"widget\" data-e-type=\"widget\" data-widget_type=\"heading.default\">\n\t\t\t\t\t<h2 class=\"elementor-heading-title elementor-size-default\">\u00daltimas noticias<\/h2>\t\t\t\t<\/div>\n\t\t\t\t<\/div>\n\t\t<div class=\"elementor-element elementor-element-6b6463c3 e-con-full e-flex e-con e-child\" data-id=\"6b6463c3\" data-element_type=\"container\" data-e-type=\"container\" data-settings=\"{&quot;jet_parallax_layout_list&quot;:[]}\">\n\t\t\t\t<div class=\"elementor-element elementor-element-15571ecf elementor-grid-1 elementor-posts--thumbnail-left elementor-posts--align-left elementor-grid-tablet-1 elementor-widget-mobile__width-initial elementor-grid-mobile-1 elementor-widget elementor-widget-posts\" data-id=\"15571ecf\" data-element_type=\"widget\" data-e-type=\"widget\" data-settings=\"{&quot;classic_columns&quot;:&quot;1&quot;,&quot;classic_row_gap&quot;:{&quot;unit&quot;:&quot;px&quot;,&quot;size&quot;:30,&quot;sizes&quot;:[]},&quot;classic_columns_tablet&quot;:&quot;1&quot;,&quot;classic_row_gap_mobile&quot;:{&quot;unit&quot;:&quot;px&quot;,&quot;size&quot;:14,&quot;sizes&quot;:[]},&quot;classic_columns_mobile&quot;:&quot;1&quot;,&quot;classic_row_gap_tablet&quot;:{&quot;unit&quot;:&quot;px&quot;,&quot;size&quot;:&quot;&quot;,&quot;sizes&quot;:[]}}\" data-widget_type=\"posts.classic\">\n\t\t\t\t<div class=\"elementor-widget-container\">\n\t\t\t\t\t\t\t<div class=\"elementor-posts-container elementor-posts elementor-posts--skin-classic elementor-grid\" role=\"list\">\n\t\t\t\t<article class=\"elementor-post elementor-grid-item post-942 post type-post status-publish format-standard has-post-thumbnail hentry category-noticias\" role=\"listitem\">\n\t\t\t\t<a class=\"elementor-post__thumbnail__link\" href=\"https:\/\/cdcsanbernardo.cl\/?p=942\" tabindex=\"-1\" target=&quot;_blank&quot;>\n\t\t\t<div class=\"elementor-post__thumbnail\"><img loading=\"lazy\" decoding=\"async\" width=\"150\" height=\"150\" src=\"https:\/\/cdcsanbernardo.cl\/wp-content\/uploads\/2026\/04\/1-2-150x150.png\" class=\"attachment-thumbnail size-thumbnail wp-image-943\" alt=\"\" \/><\/div>\n\t\t<\/a>\n\t\t\t\t<div class=\"elementor-post__text\">\n\t\t\t\t<h3 class=\"elementor-post__title\">\n\t\t\t<a href=\"https:\/\/cdcsanbernardo.cl\/?p=942\" target=&quot;_blank&quot;>\n\t\t\t\tExitosa charla informativa sobre la Tarjeta M\u00e1s Vecino reuni\u00f3 a vecinos y comerciantes en San Bernardo\t\t\t<\/a>\n\t\t<\/h3>\n\t\t\t\t<div class=\"elementor-post__meta-data\">\n\t\t\t\t\t<span class=\"elementor-post-date\">\n\t\t\tabril 22, 2026\t\t<\/span>\n\t\t\t\t<\/div>\n\t\t\t\t\t<div class=\"elementor-post__read-more-wrapper\">\n\t\t\n\t\t<a class=\"elementor-post__read-more\" href=\"https:\/\/cdcsanbernardo.cl\/?p=942\" aria-label=\"Read more about Exitosa charla informativa sobre la Tarjeta M\u00e1s Vecino reuni\u00f3 a vecinos y comerciantes en San Bernardo\" tabindex=\"-1\" target=\"_blank\">\n\t\t\tLeer Mas \u00bb\t\t<\/a>\n\n\t\t\t\t\t<\/div>\n\t\t\t\t<\/div>\n\t\t\t\t<\/article>\n\t\t\t\t<article class=\"elementor-post elementor-grid-item post-823 post type-post status-publish format-standard has-post-thumbnail hentry category-noticias\" role=\"listitem\">\n\t\t\t\t<a class=\"elementor-post__thumbnail__link\" href=\"https:\/\/cdcsanbernardo.cl\/?p=823\" tabindex=\"-1\" target=&quot;_blank&quot;>\n\t\t\t<div class=\"elementor-post__thumbnail\"><img loading=\"lazy\" decoding=\"async\" width=\"150\" height=\"150\" src=\"https:\/\/cdcsanbernardo.cl\/wp-content\/uploads\/2026\/03\/31-03-2026-150x150.jpg\" class=\"attachment-thumbnail size-thumbnail wp-image-824\" alt=\"\" srcset=\"https:\/\/cdcsanbernardo.cl\/wp-content\/uploads\/2026\/03\/31-03-2026-150x150.jpg 150w, https:\/\/cdcsanbernardo.cl\/wp-content\/uploads\/2026\/03\/31-03-2026-300x300.jpg 300w, https:\/\/cdcsanbernardo.cl\/wp-content\/uploads\/2026\/03\/31-03-2026.jpg 500w\" sizes=\"(max-width: 150px) 100vw, 150px\" \/><\/div>\n\t\t<\/a>\n\t\t\t\t<div class=\"elementor-post__text\">\n\t\t\t\t<h3 class=\"elementor-post__title\">\n\t\t\t<a href=\"https:\/\/cdcsanbernardo.cl\/?p=823\" target=&quot;_blank&quot;>\n\t\t\t\tUn peque\u00f1o respiro para las PYMES: Postergaci\u00f3n del alza en las cuentas de la luz\t\t\t<\/a>\n\t\t<\/h3>\n\t\t\t\t<div class=\"elementor-post__meta-data\">\n\t\t\t\t\t<span class=\"elementor-post-date\">\n\t\t\tmarzo 31, 2026\t\t<\/span>\n\t\t\t\t<\/div>\n\t\t\t\t\t<div class=\"elementor-post__read-more-wrapper\">\n\t\t\n\t\t<a class=\"elementor-post__read-more\" href=\"https:\/\/cdcsanbernardo.cl\/?p=823\" aria-label=\"Read more about Un peque\u00f1o respiro para las PYMES: Postergaci\u00f3n del alza en las cuentas de la luz\" tabindex=\"-1\" target=\"_blank\">\n\t\t\tLeer Mas \u00bb\t\t<\/a>\n\n\t\t\t\t\t<\/div>\n\t\t\t\t<\/div>\n\t\t\t\t<\/article>\n\t\t\t\t<article class=\"elementor-post elementor-grid-item post-812 post type-post status-publish format-standard has-post-thumbnail hentry category-noticias\" role=\"listitem\">\n\t\t\t\t<a class=\"elementor-post__thumbnail__link\" href=\"https:\/\/cdcsanbernardo.cl\/?p=812\" tabindex=\"-1\" target=&quot;_blank&quot;>\n\t\t\t<div class=\"elementor-post__thumbnail\"><img loading=\"lazy\" decoding=\"async\" width=\"150\" height=\"150\" src=\"https:\/\/cdcsanbernardo.cl\/wp-content\/uploads\/2026\/03\/1-150x150.png\" class=\"attachment-thumbnail size-thumbnail wp-image-813\" alt=\"\" \/><\/div>\n\t\t<\/a>\n\t\t\t\t<div class=\"elementor-post__text\">\n\t\t\t\t<h3 class=\"elementor-post__title\">\n\t\t\t<a href=\"https:\/\/cdcsanbernardo.cl\/?p=812\" target=&quot;_blank&quot;>\n\t\t\t\tTercera reuni\u00f3n de mesa barrial abord\u00f3 seguridad en San Bernardo\t\t\t<\/a>\n\t\t<\/h3>\n\t\t\t\t<div class=\"elementor-post__meta-data\">\n\t\t\t\t\t<span class=\"elementor-post-date\">\n\t\t\tmarzo 18, 2026\t\t<\/span>\n\t\t\t\t<\/div>\n\t\t\t\t\t<div class=\"elementor-post__read-more-wrapper\">\n\t\t\n\t\t<a class=\"elementor-post__read-more\" href=\"https:\/\/cdcsanbernardo.cl\/?p=812\" aria-label=\"Read more about Tercera reuni\u00f3n de mesa barrial abord\u00f3 seguridad en San Bernardo\" tabindex=\"-1\" target=\"_blank\">\n\t\t\tLeer Mas \u00bb\t\t<\/a>\n\n\t\t\t\t\t<\/div>\n\t\t\t\t<\/div>\n\t\t\t\t<\/article>\n\t\t\t\t<article class=\"elementor-post elementor-grid-item post-803 post type-post status-publish format-standard has-post-thumbnail hentry category-noticias\" role=\"listitem\">\n\t\t\t\t<a class=\"elementor-post__thumbnail__link\" href=\"https:\/\/cdcsanbernardo.cl\/?p=803\" tabindex=\"-1\" target=&quot;_blank&quot;>\n\t\t\t<div class=\"elementor-post__thumbnail\"><img loading=\"lazy\" decoding=\"async\" width=\"150\" height=\"150\" src=\"https:\/\/cdcsanbernardo.cl\/wp-content\/uploads\/2026\/03\/09-03-2026-150x150.png\" class=\"attachment-thumbnail size-thumbnail wp-image-804\" alt=\"\" \/><\/div>\n\t\t<\/a>\n\t\t\t\t<div class=\"elementor-post__text\">\n\t\t\t\t<h3 class=\"elementor-post__title\">\n\t\t\t<a href=\"https:\/\/cdcsanbernardo.cl\/?p=803\" target=&quot;_blank&quot;>\n\t\t\t\tEl secreto de la marraqueta artesanal que mantiene viva a una hist\u00f3rica panader\u00eda de San Bernardo\t\t\t<\/a>\n\t\t<\/h3>\n\t\t\t\t<div class=\"elementor-post__meta-data\">\n\t\t\t\t\t<span class=\"elementor-post-date\">\n\t\t\tmarzo 9, 2026\t\t<\/span>\n\t\t\t\t<\/div>\n\t\t\t\t\t<div class=\"elementor-post__read-more-wrapper\">\n\t\t\n\t\t<a class=\"elementor-post__read-more\" href=\"https:\/\/cdcsanbernardo.cl\/?p=803\" aria-label=\"Read more about El secreto de la marraqueta artesanal que mantiene viva a una hist\u00f3rica panader\u00eda de San Bernardo\" tabindex=\"-1\" target=\"_blank\">\n\t\t\tLeer Mas \u00bb\t\t<\/a>\n\n\t\t\t\t\t<\/div>\n\t\t\t\t<\/div>\n\t\t\t\t<\/article>\n\t\t\t\t<\/div>\n\t\t\n\t\t\t\t\t\t<\/div>\n\t\t\t\t<\/div>\n\t\t\t\t<\/div>\n\t\t\t\t<\/div>\n\t\t\t\t\t<\/div>\n\t\t\t\t<\/div>\n\t\t<div class=\"elementor-element elementor-element-76ff743e e-con-full elementor-hidden-desktop elementor-hidden-mobile e-flex e-con e-parent\" data-id=\"76ff743e\" data-element_type=\"container\" data-e-type=\"container\" data-settings=\"{&quot;background_background&quot;:&quot;classic&quot;,&quot;jet_parallax_layout_list&quot;:[],&quot;shape_divider_bottom&quot;:&quot;opacity-tilt&quot;}\">\n\t\t\t\t<div class=\"elementor-shape elementor-shape-bottom\" aria-hidden=\"true\" data-negative=\"false\">\n\t\t\t<svg xmlns=\"http:\/\/www.w3.org\/2000\/svg\" viewBox=\"0 0 2600 131.1\" preserveAspectRatio=\"none\">\n\t<path class=\"elementor-shape-fill\" d=\"M0 0L2600 0 2600 69.1 0 0z\"\/>\n\t<path class=\"elementor-shape-fill\" style=\"opacity:0.5\" d=\"M0 0L2600 0 2600 69.1 0 69.1z\"\/>\n\t<path class=\"elementor-shape-fill\" style=\"opacity:0.25\" d=\"M2600 0L0 0 0 130.1 2600 69.1z\"\/>\n<\/svg>\t\t<\/div>\n\t\t\t\t<div class=\"elementor-element elementor-element-6ab1ee07 elementor-widget elementor-widget-heading\" data-id=\"6ab1ee07\" data-element_type=\"widget\" data-e-type=\"widget\" data-widget_type=\"heading.default\">\n\t\t\t\t\t<h2 class=\"elementor-heading-title elementor-size-default\">El secreto de la marraqueta artesanal que mantiene viva a una hist\u00f3rica panader\u00eda de San Bernardo<\/h2>\t\t\t\t<\/div>\n\t\t\t\t<\/div>\n\t\t<div class=\"elementor-element elementor-element-514e20f2 elementor-hidden-desktop elementor-hidden-mobile e-flex e-con-boxed e-con e-parent\" data-id=\"514e20f2\" data-element_type=\"container\" data-e-type=\"container\" data-settings=\"{&quot;jet_parallax_layout_list&quot;:[]}\">\n\t\t\t\t\t<div class=\"e-con-inner\">\n\t\t\t\t<div class=\"elementor-element elementor-element-44bc64cc elementor-widget elementor-widget-heading\" data-id=\"44bc64cc\" data-element_type=\"widget\" data-e-type=\"widget\" data-widget_type=\"heading.default\">\n\t\t\t\t\t<h2 class=\"elementor-heading-title elementor-size-default\"><a href=\"https:\/\/rotaryclubsanbernardo.cl\/\">Inicio<\/a><\/h2>\t\t\t\t<\/div>\n\t\t\t\t\t<\/div>\n\t\t\t\t<\/div>\n\t\t<div class=\"elementor-element elementor-element-650a8b98 elementor-hidden-desktop elementor-hidden-mobile e-flex e-con-boxed e-con e-parent\" data-id=\"650a8b98\" data-element_type=\"container\" data-e-type=\"container\" data-settings=\"{&quot;jet_parallax_layout_list&quot;:[]}\">\n\t\t\t\t\t<div class=\"e-con-inner\">\n\t\t<div class=\"elementor-element elementor-element-4beba160 e-con-full e-flex e-con e-child\" data-id=\"4beba160\" data-element_type=\"container\" data-e-type=\"container\" data-settings=\"{&quot;jet_parallax_layout_list&quot;:[]}\">\n\t\t\t\t<div class=\"elementor-element elementor-element-38fc038 elementor-widget elementor-widget-image\" data-id=\"38fc038\" data-element_type=\"widget\" data-e-type=\"widget\" data-widget_type=\"image.default\">\n\t\t\t\t\t\t\t\t\t\t\t\t\t\t\t<img loading=\"lazy\" decoding=\"async\" width=\"768\" height=\"534\" src=\"https:\/\/cdcsanbernardo.cl\/wp-content\/uploads\/2026\/03\/09-03-2026-768x534.png\" class=\"attachment-medium_large size-medium_large wp-image-804\" alt=\"\" srcset=\"https:\/\/cdcsanbernardo.cl\/wp-content\/uploads\/2026\/03\/09-03-2026-768x534.png 768w, https:\/\/cdcsanbernardo.cl\/wp-content\/uploads\/2026\/03\/09-03-2026-300x209.png 300w, https:\/\/cdcsanbernardo.cl\/wp-content\/uploads\/2026\/03\/09-03-2026-1024x712.png 1024w, https:\/\/cdcsanbernardo.cl\/wp-content\/uploads\/2026\/03\/09-03-2026.png 1050w\" sizes=\"(max-width: 768px) 100vw, 768px\" \/>\t\t\t\t\t\t\t\t\t\t\t\t\t\t\t<\/div>\n\t\t\t\t<div class=\"elementor-element elementor-element-7e2c0744 elementor-widget elementor-widget-text-editor\" data-id=\"7e2c0744\" data-element_type=\"widget\" data-e-type=\"widget\" data-widget_type=\"text-editor.default\">\n\t\t\t\t\t\t\t\t\t<p data-start=\"147\" data-end=\"407\">En el marco del fortalecimiento del trabajo colaborativo en materia de seguridad, el programa Somos Barrio Comercial junto a la Direcci\u00f3n de Seguridad P\u00fablica de la Municipalidad de San Bernardo realizaron la tercera reuni\u00f3n de la mesa barrial p\u00fablico-privada.<\/p><p data-start=\"409\" data-end=\"746\">La instancia tuvo como objetivo principal abordar los principales desaf\u00edos en seguridad del sector, adem\u00e1s de revisar el estado de avance de los distintos proyectos que actualmente se est\u00e1n desarrollando en la zona. Este espacio de di\u00e1logo permite generar coordinaci\u00f3n efectiva entre autoridades, instituciones y la comunidad organizada.<\/p><p data-start=\"748\" data-end=\"980\">En la jornada participaron representantes de Carabineros y de la Polic\u00eda de Investigaciones, quienes aportaron su visi\u00f3n y trabajo en terreno, contribuyendo al an\u00e1lisis de la situaci\u00f3n actual y a la definici\u00f3n de acciones conjuntas.<\/p><p data-start=\"982\" data-end=\"1221\">La actividad se llev\u00f3 a cabo en las dependencias del Rotary Club de San Bernardo, reafirmando el compromiso de las distintas organizaciones por avanzar en iniciativas que mejoren la calidad de vida y la seguridad de vecinos y comerciantes.<\/p><p data-start=\"1223\" data-end=\"1422\">Desde la organizaci\u00f3n destacaron la importancia de mantener estos espacios de encuentro, que permiten fortalecer la confianza, la colaboraci\u00f3n y el trabajo conjunto en beneficio de toda la comunidad.<\/p><p data-start=\"1223\" data-end=\"1422\"><img decoding=\"async\" class=\"alignnone wp-image-816 size-full\" src=\"https:\/\/cdcsanbernardo.cl\/wp-content\/uploads\/2026\/03\/2.png\" alt=\"\" width=\"1050\" height=\"730\" srcset=\"https:\/\/cdcsanbernardo.cl\/wp-content\/uploads\/2026\/03\/2.png 1050w, https:\/\/cdcsanbernardo.cl\/wp-content\/uploads\/2026\/03\/2-300x209.png 300w, https:\/\/cdcsanbernardo.cl\/wp-content\/uploads\/2026\/03\/2-1024x712.png 1024w, https:\/\/cdcsanbernardo.cl\/wp-content\/uploads\/2026\/03\/2-768x534.png 768w\" sizes=\"(max-width: 1050px) 100vw, 1050px\" \/> <img decoding=\"async\" class=\"aligncenter wp-image-817 size-full\" src=\"https:\/\/cdcsanbernardo.cl\/wp-content\/uploads\/2026\/03\/3.png\" alt=\"\" width=\"1050\" height=\"730\" srcset=\"https:\/\/cdcsanbernardo.cl\/wp-content\/uploads\/2026\/03\/3.png 1050w, https:\/\/cdcsanbernardo.cl\/wp-content\/uploads\/2026\/03\/3-300x209.png 300w, https:\/\/cdcsanbernardo.cl\/wp-content\/uploads\/2026\/03\/3-1024x712.png 1024w, https:\/\/cdcsanbernardo.cl\/wp-content\/uploads\/2026\/03\/3-768x534.png 768w\" sizes=\"(max-width: 1050px) 100vw, 1050px\" \/> <img loading=\"lazy\" decoding=\"async\" class=\"alignnone wp-image-818 size-full\" src=\"https:\/\/cdcsanbernardo.cl\/wp-content\/uploads\/2026\/03\/4.png\" alt=\"\" width=\"1050\" height=\"730\" srcset=\"https:\/\/cdcsanbernardo.cl\/wp-content\/uploads\/2026\/03\/4.png 1050w, https:\/\/cdcsanbernardo.cl\/wp-content\/uploads\/2026\/03\/4-300x209.png 300w, https:\/\/cdcsanbernardo.cl\/wp-content\/uploads\/2026\/03\/4-1024x712.png 1024w, https:\/\/cdcsanbernardo.cl\/wp-content\/uploads\/2026\/03\/4-768x534.png 768w\" sizes=\"(max-width: 1050px) 100vw, 1050px\" \/><\/p>\t\t\t\t\t\t\t\t<\/div>\n\t\t\t\t<\/div>\n\t\t<div class=\"elementor-element elementor-element-cd99dbf e-con-full e-flex e-con e-child\" data-id=\"cd99dbf\" data-element_type=\"container\" data-e-type=\"container\" data-settings=\"{&quot;jet_parallax_layout_list&quot;:[]}\">\n\t\t<div class=\"elementor-element elementor-element-2e9918e4 e-con-full e-flex e-con e-child\" data-id=\"2e9918e4\" data-element_type=\"container\" data-e-type=\"container\" data-settings=\"{&quot;jet_parallax_layout_list&quot;:[]}\">\n\t\t\t\t<div class=\"elementor-element elementor-element-24f96a78 elementor-widget elementor-widget-heading\" data-id=\"24f96a78\" data-element_type=\"widget\" data-e-type=\"widget\" data-widget_type=\"heading.default\">\n\t\t\t\t\t<h2 class=\"elementor-heading-title elementor-size-default\">\u00daltimas noticias<\/h2>\t\t\t\t<\/div>\n\t\t\t\t<\/div>\n\t\t<div class=\"elementor-element elementor-element-5855f90e e-con-full e-flex e-con e-child\" data-id=\"5855f90e\" data-element_type=\"container\" data-e-type=\"container\" data-settings=\"{&quot;jet_parallax_layout_list&quot;:[]}\">\n\t\t\t\t<div class=\"elementor-element elementor-element-6c266d6 elementor-grid-1 elementor-posts--thumbnail-left elementor-posts--align-left elementor-grid-tablet-1 elementor-widget-mobile__width-initial elementor-grid-mobile-1 elementor-widget elementor-widget-posts\" data-id=\"6c266d6\" data-element_type=\"widget\" data-e-type=\"widget\" data-settings=\"{&quot;classic_columns&quot;:&quot;1&quot;,&quot;classic_row_gap&quot;:{&quot;unit&quot;:&quot;px&quot;,&quot;size&quot;:14,&quot;sizes&quot;:[]},&quot;classic_columns_tablet&quot;:&quot;1&quot;,&quot;classic_row_gap_mobile&quot;:{&quot;unit&quot;:&quot;px&quot;,&quot;size&quot;:14,&quot;sizes&quot;:[]},&quot;classic_columns_mobile&quot;:&quot;1&quot;,&quot;classic_row_gap_tablet&quot;:{&quot;unit&quot;:&quot;px&quot;,&quot;size&quot;:&quot;&quot;,&quot;sizes&quot;:[]}}\" data-widget_type=\"posts.classic\">\n\t\t\t\t<div class=\"elementor-widget-container\">\n\t\t\t\t\t\t\t<div class=\"elementor-posts-container elementor-posts elementor-posts--skin-classic elementor-grid\" role=\"list\">\n\t\t\t\t<article class=\"elementor-post elementor-grid-item post-942 post type-post status-publish format-standard has-post-thumbnail hentry category-noticias\" role=\"listitem\">\n\t\t\t\t<a class=\"elementor-post__thumbnail__link\" href=\"https:\/\/cdcsanbernardo.cl\/?p=942\" tabindex=\"-1\" target=&quot;_blank&quot;>\n\t\t\t<div class=\"elementor-post__thumbnail\"><img loading=\"lazy\" decoding=\"async\" width=\"150\" height=\"150\" src=\"https:\/\/cdcsanbernardo.cl\/wp-content\/uploads\/2026\/04\/1-2-150x150.png\" class=\"attachment-thumbnail size-thumbnail wp-image-943\" alt=\"\" \/><\/div>\n\t\t<\/a>\n\t\t\t\t<div class=\"elementor-post__text\">\n\t\t\t\t<h3 class=\"elementor-post__title\">\n\t\t\t<a href=\"https:\/\/cdcsanbernardo.cl\/?p=942\" target=&quot;_blank&quot;>\n\t\t\t\tExitosa charla informativa sobre la Tarjeta M\u00e1s Vecino reuni\u00f3 a vecinos y comerciantes en San Bernardo\t\t\t<\/a>\n\t\t<\/h3>\n\t\t\t\t<div class=\"elementor-post__meta-data\">\n\t\t\t\t\t<span class=\"elementor-post-date\">\n\t\t\tabril 22, 2026\t\t<\/span>\n\t\t\t\t<\/div>\n\t\t\t\t\t<div class=\"elementor-post__read-more-wrapper\">\n\t\t\n\t\t<a class=\"elementor-post__read-more\" href=\"https:\/\/cdcsanbernardo.cl\/?p=942\" aria-label=\"Read more about Exitosa charla informativa sobre la Tarjeta M\u00e1s Vecino reuni\u00f3 a vecinos y comerciantes en San Bernardo\" tabindex=\"-1\" target=\"_blank\">\n\t\t\tLeer Mas \u00bb\t\t<\/a>\n\n\t\t\t\t\t<\/div>\n\t\t\t\t<\/div>\n\t\t\t\t<\/article>\n\t\t\t\t<article class=\"elementor-post elementor-grid-item post-823 post type-post status-publish format-standard has-post-thumbnail hentry category-noticias\" role=\"listitem\">\n\t\t\t\t<a class=\"elementor-post__thumbnail__link\" href=\"https:\/\/cdcsanbernardo.cl\/?p=823\" tabindex=\"-1\" target=&quot;_blank&quot;>\n\t\t\t<div class=\"elementor-post__thumbnail\"><img loading=\"lazy\" decoding=\"async\" width=\"150\" height=\"150\" src=\"https:\/\/cdcsanbernardo.cl\/wp-content\/uploads\/2026\/03\/31-03-2026-150x150.jpg\" class=\"attachment-thumbnail size-thumbnail wp-image-824\" alt=\"\" srcset=\"https:\/\/cdcsanbernardo.cl\/wp-content\/uploads\/2026\/03\/31-03-2026-150x150.jpg 150w, https:\/\/cdcsanbernardo.cl\/wp-content\/uploads\/2026\/03\/31-03-2026-300x300.jpg 300w, https:\/\/cdcsanbernardo.cl\/wp-content\/uploads\/2026\/03\/31-03-2026.jpg 500w\" sizes=\"(max-width: 150px) 100vw, 150px\" \/><\/div>\n\t\t<\/a>\n\t\t\t\t<div class=\"elementor-post__text\">\n\t\t\t\t<h3 class=\"elementor-post__title\">\n\t\t\t<a href=\"https:\/\/cdcsanbernardo.cl\/?p=823\" target=&quot;_blank&quot;>\n\t\t\t\tUn peque\u00f1o respiro para las PYMES: Postergaci\u00f3n del alza en las cuentas de la luz\t\t\t<\/a>\n\t\t<\/h3>\n\t\t\t\t<div class=\"elementor-post__meta-data\">\n\t\t\t\t\t<span class=\"elementor-post-date\">\n\t\t\tmarzo 31, 2026\t\t<\/span>\n\t\t\t\t<\/div>\n\t\t\t\t\t<div class=\"elementor-post__read-more-wrapper\">\n\t\t\n\t\t<a class=\"elementor-post__read-more\" href=\"https:\/\/cdcsanbernardo.cl\/?p=823\" aria-label=\"Read more about Un peque\u00f1o respiro para las PYMES: Postergaci\u00f3n del alza en las cuentas de la luz\" tabindex=\"-1\" target=\"_blank\">\n\t\t\tLeer Mas \u00bb\t\t<\/a>\n\n\t\t\t\t\t<\/div>\n\t\t\t\t<\/div>\n\t\t\t\t<\/article>\n\t\t\t\t<\/div>\n\t\t\n\t\t\t\t\t\t<\/div>\n\t\t\t\t<\/div>\n\t\t\t\t<\/div>\n\t\t\t\t<\/div>\n\t\t\t\t\t<\/div>\n\t\t\t\t<\/div>\n\t\t<div class=\"elementor-element elementor-element-299e72f e-con-full elementor-hidden-desktop elementor-hidden-tablet e-flex e-con e-parent\" data-id=\"299e72f\" data-element_type=\"container\" data-e-type=\"container\" data-settings=\"{&quot;background_background&quot;:&quot;classic&quot;,&quot;jet_parallax_layout_list&quot;:[],&quot;shape_divider_bottom&quot;:&quot;opacity-tilt&quot;}\">\n\t\t\t\t<div class=\"elementor-shape elementor-shape-bottom\" aria-hidden=\"true\" data-negative=\"false\">\n\t\t\t<svg xmlns=\"http:\/\/www.w3.org\/2000\/svg\" viewBox=\"0 0 2600 131.1\" preserveAspectRatio=\"none\">\n\t<path class=\"elementor-shape-fill\" d=\"M0 0L2600 0 2600 69.1 0 0z\"\/>\n\t<path class=\"elementor-shape-fill\" style=\"opacity:0.5\" d=\"M0 0L2600 0 2600 69.1 0 69.1z\"\/>\n\t<path class=\"elementor-shape-fill\" style=\"opacity:0.25\" d=\"M2600 0L0 0 0 130.1 2600 69.1z\"\/>\n<\/svg>\t\t<\/div>\n\t\t\t\t<div class=\"elementor-element elementor-element-2c4db656 elementor-widget elementor-widget-heading\" data-id=\"2c4db656\" data-element_type=\"widget\" data-e-type=\"widget\" data-widget_type=\"heading.default\">\n\t\t\t\t\t<h2 class=\"elementor-heading-title elementor-size-default\">Un peque\u00f1o respiro para las PYMES: Postergaci\u00f3n del alza en las cuentas de la luz<\/h2>\t\t\t\t<\/div>\n\t\t\t\t<\/div>\n\t\t<div class=\"elementor-element elementor-element-7003f559 elementor-hidden-desktop elementor-hidden-tablet e-flex e-con-boxed e-con e-parent\" data-id=\"7003f559\" data-element_type=\"container\" data-e-type=\"container\" data-settings=\"{&quot;jet_parallax_layout_list&quot;:[]}\">\n\t\t\t\t\t<div class=\"e-con-inner\">\n\t\t<div class=\"elementor-element elementor-element-7eca7fdb e-con-full e-flex e-con e-child\" data-id=\"7eca7fdb\" data-element_type=\"container\" data-e-type=\"container\" data-settings=\"{&quot;jet_parallax_layout_list&quot;:[]}\">\n\t\t\t\t<div class=\"elementor-element elementor-element-7fc24af5 elementor-widget elementor-widget-image\" data-id=\"7fc24af5\" data-element_type=\"widget\" data-e-type=\"widget\" data-widget_type=\"image.default\">\n\t\t\t\t\t\t\t\t\t\t\t\t\t\t\t<img loading=\"lazy\" decoding=\"async\" width=\"500\" height=\"500\" src=\"https:\/\/cdcsanbernardo.cl\/wp-content\/uploads\/2026\/03\/31-03-2026.jpg\" class=\"attachment-medium_large size-medium_large wp-image-824\" alt=\"\" srcset=\"https:\/\/cdcsanbernardo.cl\/wp-content\/uploads\/2026\/03\/31-03-2026.jpg 500w, https:\/\/cdcsanbernardo.cl\/wp-content\/uploads\/2026\/03\/31-03-2026-300x300.jpg 300w, https:\/\/cdcsanbernardo.cl\/wp-content\/uploads\/2026\/03\/31-03-2026-150x150.jpg 150w\" sizes=\"(max-width: 500px) 100vw, 500px\" \/>\t\t\t\t\t\t\t\t\t\t\t\t\t\t\t<\/div>\n\t\t\t\t<div class=\"elementor-element elementor-element-77570ca9 elementor-widget elementor-widget-text-editor\" data-id=\"77570ca9\" data-element_type=\"widget\" data-e-type=\"widget\" data-widget_type=\"text-editor.default\">\n\t\t\t\t\t\t\t\t\t<p data-start=\"147\" data-end=\"407\">En el marco del fortalecimiento del trabajo colaborativo en materia de seguridad, el programa Somos Barrio Comercial junto a la Direcci\u00f3n de Seguridad P\u00fablica de la Municipalidad de San Bernardo realizaron la tercera reuni\u00f3n de la mesa barrial p\u00fablico-privada.<\/p><p data-start=\"409\" data-end=\"746\">La instancia tuvo como objetivo principal abordar los principales desaf\u00edos en seguridad del sector, adem\u00e1s de revisar el estado de avance de los distintos proyectos que actualmente se est\u00e1n desarrollando en la zona. Este espacio de di\u00e1logo permite generar coordinaci\u00f3n efectiva entre autoridades, instituciones y la comunidad organizada.<\/p><p data-start=\"748\" data-end=\"980\">En la jornada participaron representantes de Carabineros y de la Polic\u00eda de Investigaciones, quienes aportaron su visi\u00f3n y trabajo en terreno, contribuyendo al an\u00e1lisis de la situaci\u00f3n actual y a la definici\u00f3n de acciones conjuntas.<\/p><p data-start=\"982\" data-end=\"1221\">La actividad se llev\u00f3 a cabo en las dependencias del Rotary Club de San Bernardo, reafirmando el compromiso de las distintas organizaciones por avanzar en iniciativas que mejoren la calidad de vida y la seguridad de vecinos y comerciantes.<\/p><p data-start=\"1223\" data-end=\"1422\">Desde la organizaci\u00f3n destacaron la importancia de mantener estos espacios de encuentro, que permiten fortalecer la confianza, la colaboraci\u00f3n y el trabajo conjunto en beneficio de toda la comunidad.<\/p><p data-start=\"1223\" data-end=\"1422\"><img decoding=\"async\" class=\"alignnone wp-image-816 size-full\" src=\"https:\/\/cdcsanbernardo.cl\/wp-content\/uploads\/2026\/03\/2.png\" alt=\"\" width=\"1050\" height=\"730\" srcset=\"https:\/\/cdcsanbernardo.cl\/wp-content\/uploads\/2026\/03\/2.png 1050w, https:\/\/cdcsanbernardo.cl\/wp-content\/uploads\/2026\/03\/2-300x209.png 300w, https:\/\/cdcsanbernardo.cl\/wp-content\/uploads\/2026\/03\/2-1024x712.png 1024w, https:\/\/cdcsanbernardo.cl\/wp-content\/uploads\/2026\/03\/2-768x534.png 768w\" sizes=\"(max-width: 1050px) 100vw, 1050px\" \/> <img decoding=\"async\" class=\"aligncenter wp-image-817 size-full\" src=\"https:\/\/cdcsanbernardo.cl\/wp-content\/uploads\/2026\/03\/3.png\" alt=\"\" width=\"1050\" height=\"730\" srcset=\"https:\/\/cdcsanbernardo.cl\/wp-content\/uploads\/2026\/03\/3.png 1050w, https:\/\/cdcsanbernardo.cl\/wp-content\/uploads\/2026\/03\/3-300x209.png 300w, https:\/\/cdcsanbernardo.cl\/wp-content\/uploads\/2026\/03\/3-1024x712.png 1024w, https:\/\/cdcsanbernardo.cl\/wp-content\/uploads\/2026\/03\/3-768x534.png 768w\" sizes=\"(max-width: 1050px) 100vw, 1050px\" \/> <img loading=\"lazy\" decoding=\"async\" class=\"alignnone wp-image-818 size-full\" src=\"https:\/\/cdcsanbernardo.cl\/wp-content\/uploads\/2026\/03\/4.png\" alt=\"\" width=\"1050\" height=\"730\" srcset=\"https:\/\/cdcsanbernardo.cl\/wp-content\/uploads\/2026\/03\/4.png 1050w, https:\/\/cdcsanbernardo.cl\/wp-content\/uploads\/2026\/03\/4-300x209.png 300w, https:\/\/cdcsanbernardo.cl\/wp-content\/uploads\/2026\/03\/4-1024x712.png 1024w, https:\/\/cdcsanbernardo.cl\/wp-content\/uploads\/2026\/03\/4-768x534.png 768w\" sizes=\"(max-width: 1050px) 100vw, 1050px\" \/><\/p>\t\t\t\t\t\t\t\t<\/div>\n\t\t\t\t<\/div>\n\t\t<div class=\"elementor-element elementor-element-74115bbd e-con-full e-flex e-con e-child\" data-id=\"74115bbd\" data-element_type=\"container\" data-e-type=\"container\" data-settings=\"{&quot;jet_parallax_layout_list&quot;:[]}\">\n\t\t<div class=\"elementor-element elementor-element-3cb1e687 e-con-full e-flex e-con e-child\" data-id=\"3cb1e687\" data-element_type=\"container\" data-e-type=\"container\" data-settings=\"{&quot;jet_parallax_layout_list&quot;:[]}\">\n\t\t\t\t<div class=\"elementor-element elementor-element-4fc54945 elementor-widget elementor-widget-heading\" data-id=\"4fc54945\" data-element_type=\"widget\" data-e-type=\"widget\" data-widget_type=\"heading.default\">\n\t\t\t\t\t<h2 class=\"elementor-heading-title elementor-size-default\">\u00daltimas noticias<\/h2>\t\t\t\t<\/div>\n\t\t\t\t<\/div>\n\t\t<div class=\"elementor-element elementor-element-5272ad93 e-con-full e-flex e-con e-child\" data-id=\"5272ad93\" data-element_type=\"container\" data-e-type=\"container\" data-settings=\"{&quot;jet_parallax_layout_list&quot;:[]}\">\n\t\t\t\t<div class=\"elementor-element elementor-element-b0f6e12 elementor-grid-1 elementor-posts--thumbnail-left elementor-posts--align-left elementor-grid-tablet-1 elementor-widget-mobile__width-initial elementor-grid-mobile-1 elementor-widget elementor-widget-posts\" data-id=\"b0f6e12\" data-element_type=\"widget\" data-e-type=\"widget\" data-settings=\"{&quot;classic_columns&quot;:&quot;1&quot;,&quot;classic_row_gap&quot;:{&quot;unit&quot;:&quot;px&quot;,&quot;size&quot;:14,&quot;sizes&quot;:[]},&quot;classic_columns_tablet&quot;:&quot;1&quot;,&quot;classic_row_gap_mobile&quot;:{&quot;unit&quot;:&quot;px&quot;,&quot;size&quot;:14,&quot;sizes&quot;:[]},&quot;classic_columns_mobile&quot;:&quot;1&quot;,&quot;classic_row_gap_tablet&quot;:{&quot;unit&quot;:&quot;px&quot;,&quot;size&quot;:&quot;&quot;,&quot;sizes&quot;:[]}}\" data-widget_type=\"posts.classic\">\n\t\t\t\t<div class=\"elementor-widget-container\">\n\t\t\t\t\t\t\t<div class=\"elementor-posts-container elementor-posts elementor-posts--skin-classic elementor-grid\" role=\"list\">\n\t\t\t\t<article class=\"elementor-post elementor-grid-item post-942 post type-post status-publish format-standard has-post-thumbnail hentry category-noticias\" role=\"listitem\">\n\t\t\t\t<a class=\"elementor-post__thumbnail__link\" href=\"https:\/\/cdcsanbernardo.cl\/?p=942\" tabindex=\"-1\" target=&quot;_blank&quot;>\n\t\t\t<div class=\"elementor-post__thumbnail\"><img loading=\"lazy\" decoding=\"async\" width=\"150\" height=\"150\" src=\"https:\/\/cdcsanbernardo.cl\/wp-content\/uploads\/2026\/04\/1-2-150x150.png\" class=\"attachment-thumbnail size-thumbnail wp-image-943\" alt=\"\" \/><\/div>\n\t\t<\/a>\n\t\t\t\t<div class=\"elementor-post__text\">\n\t\t\t\t<h3 class=\"elementor-post__title\">\n\t\t\t<a href=\"https:\/\/cdcsanbernardo.cl\/?p=942\" target=&quot;_blank&quot;>\n\t\t\t\tExitosa charla informativa sobre la Tarjeta M\u00e1s Vecino reuni\u00f3 a vecinos y comerciantes en San Bernardo\t\t\t<\/a>\n\t\t<\/h3>\n\t\t\t\t<div class=\"elementor-post__meta-data\">\n\t\t\t\t\t<span class=\"elementor-post-date\">\n\t\t\tabril 22, 2026\t\t<\/span>\n\t\t\t\t<\/div>\n\t\t\t\t\t<div class=\"elementor-post__read-more-wrapper\">\n\t\t\n\t\t<a class=\"elementor-post__read-more\" href=\"https:\/\/cdcsanbernardo.cl\/?p=942\" aria-label=\"Read more about Exitosa charla informativa sobre la Tarjeta M\u00e1s Vecino reuni\u00f3 a vecinos y comerciantes en San Bernardo\" tabindex=\"-1\" target=\"_blank\">\n\t\t\tLeer Mas \u00bb\t\t<\/a>\n\n\t\t\t\t\t<\/div>\n\t\t\t\t<\/div>\n\t\t\t\t<\/article>\n\t\t\t\t<\/div>\n\t\t\n\t\t\t\t\t\t<\/div>\n\t\t\t\t<\/div>\n\t\t\t\t<\/div>\n\t\t\t\t<\/div>\n\t\t\t\t\t<\/div>\n\t\t\t\t<\/div>\n\t\t\t\t<\/div>\n\t\t","protected":false},"excerpt":{"rendered":"<p>Inicio Inicio Inicio En el marco<\/p>\n","protected":false},"author":1,"featured_media":813,"comment_status":"closed","ping_status":"open","sticky":false,"template":"","format":"standard","meta":{"footnotes":""},"categories":[6],"tags":[],"class_list":["post-812","post","type-post","status-publish","format-standard","has-post-thumbnail","hentry","category-noticias"],"_links":{"self":[{"href":"https:\/\/cdcsanbernardo.cl\/index.php?rest_route=\/wp\/v2\/posts\/812","targetHints":{"allow":["GET"]}}],"collection":[{"href":"https:\/\/cdcsanbernardo.cl\/index.php?rest_route=\/wp\/v2\/posts"}],"about":[{"href":"https:\/\/cdcsanbernardo.cl\/index.php?rest_route=\/wp\/v2\/types\/post"}],"author":[{"embeddable":true,"href":"https:\/\/cdcsanbernardo.cl\/index.php?rest_route=\/wp\/v2\/users\/1"}],"replies":[{"embeddable":true,"href":"https:\/\/cdcsanbernardo.cl\/index.php?rest_route=%2Fwp%2Fv2%2Fcomments&post=812"}],"version-history":[{"count":4,"href":"https:\/\/cdcsanbernardo.cl\/index.php?rest_route=\/wp\/v2\/posts\/812\/revisions"}],"predecessor-version":[{"id":821,"href":"https:\/\/cdcsanbernardo.cl\/index.php?rest_route=\/wp\/v2\/posts\/812\/revisions\/821"}],"wp:featuredmedia":[{"embeddable":true,"href":"https:\/\/cdcsanbernardo.cl\/index.php?rest_route=\/wp\/v2\/media\/813"}],"wp:attachment":[{"href":"https:\/\/cdcsanbernardo.cl\/index.php?rest_route=%2Fwp%2Fv2%2Fmedia&parent=812"}],"wp:term":[{"taxonomy":"category","embeddable":true,"href":"https:\/\/cdcsanbernardo.cl\/index.php?rest_route=%2Fwp%2Fv2%2Fcategories&post=812"},{"taxonomy":"post_tag","embeddable":true,"href":"https:\/\/cdcsanbernardo.cl\/index.php?rest_route=%2Fwp%2Fv2%2Ftags&post=812"}],"curies":[{"name":"wp","href":"https:\/\/api.w.org\/{rel}","templated":true}]}}